{"id":63084,"date":"2025-05-15T22:07:40","date_gmt":"2025-05-15T22:07:40","guid":{"rendered":"https:\/\/revistaelconocedor.net\/?p=63084"},"modified":"2025-05-15T22:07:44","modified_gmt":"2025-05-15T22:07:44","slug":"domecq-fonico-y-tahona-mezcal-room-sabor-y-caracter-en-sabores-polanco","status":"publish","type":"post","link":"https:\/\/revistaelconocedor.net\/index.php\/2025\/05\/15\/domecq-fonico-y-tahona-mezcal-room-sabor-y-caracter-en-sabores-polanco\/","title":{"rendered":"Domecq, F\u00f3nico y Tahona Mezcal Room: sabor y car\u00e1cter en Sabores Polanco"},"content":{"rendered":"\n<h2 class=\"wp-block-heading\"><em>\u00bfListo para un fin de semana de cocina, cocteles y buena vibra? Sabores Polanco est\u00e1 aqu\u00ed y de la mano de Domecq contar\u00e1n con una gran experiencia<\/em><\/h2>\n\n\n\n<p>El pr\u00f3ximo 17 y 18 de mayo, los jardines de Campo Marte ser\u00e1n el punto de encuentro para una nueva edici\u00f3n de\u00a0<em>Sabor Es Polanco<\/em>, uno de los festivales gourmet m\u00e1s destacados de Am\u00e9rica Latina. A lo largo de los a\u00f1os, este encuentro ha reunido a cocineros, productores, sommeliers, bartenders y comensales curiosos alrededor de una sola idea: celebrar la riqueza gastron\u00f3mica \u2014y l\u00edquida\u2014 que habita en M\u00e9xico y m\u00e1s all\u00e1 de sus fronteras. Este 2025, la cita contar\u00e1 con nuevas voces, entre ellas, las de\u00a0F\u00f3nico,\u00a0Tahona Mezcal Room\u00a0y\u00a0Domecq, que se suman por primera vez a la experiencia.<\/p>\n\n\n\n<figure class=\"wp-block-image size-full\"><img fetchpriority=\"high\" decoding=\"async\" width=\"1000\" height=\"1501\" src=\"https:\/\/revistaelconocedor.net\/wp-content\/uploads\/2025\/05\/PO44750.jpg\" alt=\"\" class=\"wp-image-63086\" srcset=\"https:\/\/revistaelconocedor.net\/wp-content\/uploads\/2025\/05\/PO44750.jpg 1000w, https:\/\/revistaelconocedor.net\/wp-content\/uploads\/2025\/05\/PO44750-450x675.jpg 450w, https:\/\/revistaelconocedor.net\/wp-content\/uploads\/2025\/05\/PO44750-700x1051.jpg 700w\" sizes=\"(max-width: 1000px) 100vw, 1000px\" \/><\/figure>\n\n\n\n<p>Ubicado en la secci\u00f3n\u00a0<em>Pase Premium<\/em>, el restaurante\u00a0F\u00f3nico\u00a0llevar\u00e1 una parte de su cocina contempor\u00e1nea al aire libre, con platillos que resumen su estilo y sensibilidad: ingredientes de primera, t\u00e9cnica precisa y una visi\u00f3n culinaria que dialoga con la tradici\u00f3n sin dejar de mirar hacia adelante. El chef ejecutivo, Billy Maldonado, prepar\u00f3 una selecci\u00f3n especialmente pensada para el festival. Entre los imperdibles: un taco de cochinillo confitado con mole verde, cebolla asada y frijol blanco, y una quesadilla de chilorio con queso asadero, salsa de aguacate y pipicha. Para acompa\u00f1ar, una bebida que tambi\u00e9n tiene mucho de relato sensorial: agua de horchata fresca de cacao con pixtle, nube de mamey y escarcha de pozol.<\/p>\n\n\n\n<figure class=\"wp-block-image size-full\"><img decoding=\"async\" width=\"1000\" height=\"667\" src=\"https:\/\/revistaelconocedor.net\/wp-content\/uploads\/2025\/05\/PO2_1303-1.jpg\" alt=\"\" class=\"wp-image-63087\" srcset=\"https:\/\/revistaelconocedor.net\/wp-content\/uploads\/2025\/05\/PO2_1303-1.jpg 1000w, https:\/\/revistaelconocedor.net\/wp-content\/uploads\/2025\/05\/PO2_1303-1-450x300.jpg 450w, https:\/\/revistaelconocedor.net\/wp-content\/uploads\/2025\/05\/PO2_1303-1-700x467.jpg 700w\" sizes=\"(max-width: 1000px) 100vw, 1000px\" \/><\/figure>\n\n\n\n<p>La propuesta se completa con la presencia de\u00a0F\u00f3nico Bar, que llevar\u00e1 su mirada sobre la mixolog\u00eda a este espacio ef\u00edmero. Dos c\u00f3cteles que destacan por sus ingredientes y narrativa son\u00a0<em>El Cantarero<\/em>, con tequila, soda de pi\u00f1a, jugo de lim\u00f3n y papiro de mango, y\u00a0<em>Maguifera<\/em>, un trago m\u00e1s robusto con bourbon Woodford Reserve, cordial de mango, vermut seco, jarabe natural y angostura orange, rematado con una falsa penca de pi\u00f1a como garnish.<\/p>\n\n\n\n<h2 class=\"wp-block-heading has-text-align-center\">Te podr\u00eda interesar: <a href=\"https:\/\/revistaelconocedor.net\/index.php\/2024\/03\/28\/gran-demanda-de-los-medallistas-de-global-wine-en-sabor-es-polanco\/\" target=\"_blank\" rel=\"noopener\" title=\"Gran demanda de los medallistas de Global Wine en Sabor es Polanco\">Gran demanda de los medallistas de Global Wine en Sabor es Polanco<\/a><\/h2>\n\n\n\n<p>Como parte de su participaci\u00f3n en el festival, el 18 de mayo F\u00f3nico tambi\u00e9n estar\u00e1 presente en el stand premium de\u00a0Tequila 1800, ofreciendo una experiencia en la que el tequila y la cocina de autor se entrelazan de forma sutil y precisa. En este espacio, el men\u00fa incluye tostada de extraviado con escabeche, salsa macha y mayonesa de chile serrano, y esquites con chile de \u00e1rbol, queso chiapaneco y nube de fruta negra.<\/p>\n\n\n\n<figure class=\"wp-block-image size-full\"><img decoding=\"async\" width=\"1000\" height=\"1500\" src=\"https:\/\/revistaelconocedor.net\/wp-content\/uploads\/2025\/05\/IMG_6119.jpg\" alt=\"\" class=\"wp-image-63085\" srcset=\"https:\/\/revistaelconocedor.net\/wp-content\/uploads\/2025\/05\/IMG_6119.jpg 1000w, https:\/\/revistaelconocedor.net\/wp-content\/uploads\/2025\/05\/IMG_6119-450x675.jpg 450w, https:\/\/revistaelconocedor.net\/wp-content\/uploads\/2025\/05\/IMG_6119-700x1050.jpg 700w\" sizes=\"(max-width: 1000px) 100vw, 1000px\" \/><\/figure>\n\n\n\n<p>M\u00e1s all\u00e1 del trazo gourmet, este tipo de encuentros permiten escuchar otras formas de contar un pa\u00eds: desde el ma\u00edz y el agave, desde la t\u00e9cnica refinada o la alquimia del fuego lento. F\u00f3nico, Tahona Mezcal Room y Domecq llegan a sumar a esa conversaci\u00f3n. Una que, como el buen comer, se disfruta mejor sin prisa y con todos los sentidos despiertos.<\/p>\n\n\n\n<p><\/p>\n","protected":false},"excerpt":{"rendered":"<p>\u00bfListo para un fin de semana de cocina, cocteles y buena vibra? Sabores Polanco est\u00e1 aqu\u00ed y de la mano de Domecq contar\u00e1n con una gran experiencia<\/p>\n","protected":false},"author":56,"featured_media":63088,"comment_status":"open","ping_status":"closed","sticky":false,"template":"","format":"standard","meta":{"footnotes":""},"categories":[96,6211],"tags":[214,4847,6167],"class_list":["post-63084","post","type-post","status-publish","format-standard","has-post-thumbnail","hentry","category-bebidas","category-tendencias-2","tag-domecq","tag-fonico","tag-sabores-polanco"],"aioseo_notices":[],"_links":{"self":[{"href":"https:\/\/revistaelconocedor.net\/index.php\/wp-json\/wp\/v2\/posts\/63084","targetHints":{"allow":["GET"]}}],"collection":[{"href":"https:\/\/revistaelconocedor.net\/index.php\/wp-json\/wp\/v2\/posts"}],"about":[{"href":"https:\/\/revistaelconocedor.net\/index.php\/wp-json\/wp\/v2\/types\/post"}],"author":[{"embeddable":true,"href":"https:\/\/revistaelconocedor.net\/index.php\/wp-json\/wp\/v2\/users\/56"}],"replies":[{"embeddable":true,"href":"https:\/\/revistaelconocedor.net\/index.php\/wp-json\/wp\/v2\/comments?post=63084"}],"version-history":[{"count":1,"href":"https:\/\/revistaelconocedor.net\/index.php\/wp-json\/wp\/v2\/posts\/63084\/revisions"}],"predecessor-version":[{"id":63090,"href":"https:\/\/revistaelconocedor.net\/index.php\/wp-json\/wp\/v2\/posts\/63084\/revisions\/63090"}],"wp:featuredmedia":[{"embeddable":true,"href":"https:\/\/revistaelconocedor.net\/index.php\/wp-json\/wp\/v2\/media\/63088"}],"wp:attachment":[{"href":"https:\/\/revistaelconocedor.net\/index.php\/wp-json\/wp\/v2\/media?parent=63084"}],"wp:term":[{"taxonomy":"category","embeddable":true,"href":"https:\/\/revistaelconocedor.net\/index.php\/wp-json\/wp\/v2\/categories?post=63084"},{"taxonomy":"post_tag","embeddable":true,"href":"https:\/\/revistaelconocedor.net\/index.php\/wp-json\/wp\/v2\/tags?post=63084"}],"curies":[{"name":"wp","href":"https:\/\/api.w.org\/{rel}","templated":true}]}}