{"id":60519,"date":"2024-06-03T18:13:14","date_gmt":"2024-06-03T18:13:14","guid":{"rendered":"https:\/\/revistaelconocedor.net\/?p=60519"},"modified":"2024-06-03T18:13:17","modified_gmt":"2024-06-03T18:13:17","slug":"hay-de-malbecs-a-malbecs-te-mostramos-una-buena-seleccion-argentina","status":"publish","type":"post","link":"https:\/\/revistaelconocedor.net\/index.php\/2024\/06\/03\/hay-de-malbecs-a-malbecs-te-mostramos-una-buena-seleccion-argentina\/","title":{"rendered":"Hay de Malbecs a Malbecs, te mostramos una buena selecci\u00f3n argentina"},"content":{"rendered":"\n<h2 class=\"wp-block-heading\"><em>Diferentes etiquetas de este cl\u00e1sico sudamericano para todos los bolsillos y gustos, pero siempre de la mejor calidad<\/em><\/h2>\n\n\n\n<p>Argentina se ha convertido en una de las naciones con una importante presencia de etiquetas de vino en M\u00e9xico y tras el D\u00eda del Malbec celebrado el 17 de abril es necesario reforzar las opciones de alta gama que existen en el mercado.<\/p>\n\n\n\n<blockquote class=\"wp-block-quote is-layout-flow wp-block-quote-is-layout-flow\">\n<p>\u201cEl clon original de Malbec que llega a Argentina proviene desde Francia y llega gracias a los inmigrantes europeos que inician la viticultura en este pa\u00eds.<\/p>\n<\/blockquote>\n\n\n\n<p>\u201cPara 1959 nace el Instituto Nacional de Vitivinicultura para aislar y tipificar los vi\u00f1edos y as\u00ed ir avanzando en el camino de esta variedad\u201d, describe la sommelier Karla Meljem, gu\u00eda de la cata de Malbecs de alta gama.<\/p>\n\n\n\n<p>Aunque es en las zonas de Mendoza donde mejor se ha desarrollado la Malbec, hoy en d\u00eda se separan los vi\u00f1edos de acuerdo al tipo de suelo porque eso hace variar ligeramente la expresi\u00f3n de la cepa. As\u00ed la Malbec se adapta a diferentes regiones.<\/p>\n\n\n\n<p>Es una uva que est\u00e1 presente no s\u00f3lo en la regi\u00f3n principal de Mendoza, sino tambi\u00e9n en otras regiones como Salta y Patagonia.<\/p>\n\n\n\n<p>De hecho, en 1991 se establece como denominaci\u00f3n de origen a Luj\u00e1n de Cuyo, dentro de Mendoza, por la expresi\u00f3n y calidad que aporta a esta tinta.<\/p>\n\n\n\n<p>Para Meljem ahora los en\u00f3logos buscan conocer m\u00e1s a fondo esa diferencia de suelos y c\u00f3mo van modificando su vinificaci\u00f3n para sacar mejor provecho de esa cualidades.<\/p>\n\n\n<div class=\"wp-block-image\">\n<figure class=\"aligncenter size-full\"><img fetchpriority=\"high\" decoding=\"async\" width=\"768\" height=\"512\" src=\"https:\/\/revistaelconocedor.net\/wp-content\/uploads\/2024\/05\/368.jpg\" alt=\"\" class=\"wp-image-60523\" srcset=\"https:\/\/revistaelconocedor.net\/wp-content\/uploads\/2024\/05\/368.jpg 768w, https:\/\/revistaelconocedor.net\/wp-content\/uploads\/2024\/05\/368-450x300.jpg 450w, https:\/\/revistaelconocedor.net\/wp-content\/uploads\/2024\/05\/368-700x467.jpg 700w\" sizes=\"(max-width: 768px) 100vw, 768px\" \/><\/figure>\n<\/div>\n\n\n<p class=\"has-medium-font-size\"><strong>Seis propuestas imperdibles<\/strong><\/p>\n\n\n\n<p>Malbecs que destacan por su calidad.<\/p>\n\n\n<div class=\"wp-block-image\">\n<figure class=\"alignleft size-full is-resized\"><img decoding=\"async\" width=\"318\" height=\"1080\" src=\"https:\/\/revistaelconocedor.net\/wp-content\/uploads\/2024\/05\/alpamanta.jpg\" alt=\"\" class=\"wp-image-60524\" style=\"width:120px;height:auto\"\/><\/figure>\n<\/div>\n\n\n<p><\/p>\n\n\n\n<p><\/p>\n\n\n\n<p><strong><a href=\"https:\/\/instagram.com\/alpamanta\" target=\"_blank\" rel=\"noopener\" title=\"\">Alpamanta Malbec<\/a><\/strong><\/p>\n\n\n\n<p>Bodega: Alpamanta<\/p>\n\n\n\n<p>Regi\u00f3n: Luj\u00e1n de Cuyo, Mendoza<\/p>\n\n\n\n<p>Caracter\u00edsticas: En nariz tiene intensas notas frescas frutales, florales, de dulce de leche y mermeladas. En boca es suave y sedoso, refrescante y afrutado<\/p>\n\n\n\n<p>Precio aproximado: $720<\/p>\n\n\n\n<p><\/p>\n\n\n\n<p><\/p>\n\n\n<div class=\"wp-block-image\">\n<figure class=\"alignleft size-full is-resized\"><img decoding=\"async\" width=\"494\" height=\"1500\" src=\"https:\/\/revistaelconocedor.net\/wp-content\/uploads\/2024\/05\/Zuccardi.jpg\" alt=\"\" class=\"wp-image-60525\" style=\"width:117px;height:auto\" srcset=\"https:\/\/revistaelconocedor.net\/wp-content\/uploads\/2024\/05\/Zuccardi.jpg 494w, https:\/\/revistaelconocedor.net\/wp-content\/uploads\/2024\/05\/Zuccardi-450x1366.jpg 450w\" sizes=\"(max-width: 494px) 100vw, 494px\" \/><\/figure>\n<\/div>\n\n\n<p><\/p>\n\n\n\n<p><\/p>\n\n\n\n<p><strong><a href=\"https:\/\/instagram.com\/zuccardivalledeuco\" target=\"_blank\" rel=\"noopener\" title=\"\">Concreto Malbec<\/a><\/strong><\/p>\n\n\n\n<p>Bodega: Zuccardi<\/p>\n\n\n\n<p>Regi\u00f3n: Valle de Uco, Mendoza<\/p>\n\n\n\n<p>Caracter\u00edsticas: En nariz es fresco, con un perfil herbal y notas de frutas rojas frescas y flores. En boca es prolongado y profundo, de gran estructura y acidez<\/p>\n\n\n\n<p>Precio aproximado: $1265<\/p>\n\n\n\n<p><\/p>\n\n\n<div class=\"wp-block-image\">\n<figure class=\"alignleft size-full is-resized\"><img loading=\"lazy\" decoding=\"async\" width=\"413\" height=\"1500\" src=\"https:\/\/revistaelconocedor.net\/wp-content\/uploads\/2024\/05\/Luigi-Bosca.jpg\" alt=\"\" class=\"wp-image-60526\" style=\"width:110px;height:auto\"\/><\/figure>\n<\/div>\n\n\n<p><\/p>\n\n\n\n<p><\/p>\n\n\n\n<p><strong><a href=\"https:\/\/instagram.com\/luigiboscamalbec\" target=\"_blank\" rel=\"noopener\" title=\"\">De Sangre DOC<\/a><\/strong><\/p>\n\n\n\n<p>Bodega: Luigi Bosca<\/p>\n\n\n\n<p>Regi\u00f3n: Lujan de Cuyo, Mendoza<\/p>\n\n\n\n<p>Caracter\u00edsticas: Aromas equilibrados, con notas de frutas rojas y negras, y especias dulces. En boca es refrescante y voluptuoso, con taninos finos y delicados<\/p>\n\n\n\n<p>Precio aproximado: $1000<\/p>\n\n\n\n<p><\/p>\n\n\n\n<p><\/p>\n\n\n<div class=\"wp-block-image\">\n<figure class=\"alignleft size-full is-resized\"><img loading=\"lazy\" decoding=\"async\" width=\"576\" height=\"2043\" src=\"https:\/\/revistaelconocedor.net\/wp-content\/uploads\/2024\/05\/Andeluna.jpg\" alt=\"\" class=\"wp-image-60527\" style=\"width:101px;height:auto\" srcset=\"https:\/\/revistaelconocedor.net\/wp-content\/uploads\/2024\/05\/Andeluna.jpg 576w, https:\/\/revistaelconocedor.net\/wp-content\/uploads\/2024\/05\/Andeluna-433x1536.jpg 433w, https:\/\/revistaelconocedor.net\/wp-content\/uploads\/2024\/05\/Andeluna-450x1596.jpg 450w\" sizes=\"(max-width: 576px) 100vw, 576px\" \/><\/figure>\n<\/div>\n\n\n<p><\/p>\n\n\n\n<p><\/p>\n\n\n\n<p><strong><a href=\"https:\/\/instagram.com\/bodegaandeluna\" target=\"_blank\" rel=\"noopener\" title=\"\">Andeluna 1300 Malbec<\/a><\/strong><\/p>\n\n\n\n<p>Bodega: Andeluna<\/p>\n\n\n\n<p>Regi\u00f3n: Valle de Uco, Mendoza<\/p>\n\n\n\n<p>Caracter\u00edsticas: notas a violetas junto a una fresca e intensa expresi\u00f3n frutal en nariz, recordando a ciruelas rojas, fresas y moras. En boca es fresco, con una sutil textura mineral<\/p>\n\n\n\n<p>Precio aproximado: $490<\/p>\n\n\n\n<p><\/p>\n\n\n<div class=\"wp-block-image\">\n<figure class=\"alignleft size-full is-resized\"><img loading=\"lazy\" decoding=\"async\" width=\"252\" height=\"1000\" src=\"https:\/\/revistaelconocedor.net\/wp-content\/uploads\/2024\/05\/Monteagrelo_Malbec_bzv8eu.jpg\" alt=\"\" class=\"wp-image-60528\" style=\"width:99px;height:auto\"\/><\/figure>\n<\/div>\n\n\n<p><\/p>\n\n\n\n<p><\/p>\n\n\n\n<p><strong><a href=\"http:\/\/www.instagram.com\/bressiawines\" target=\"_blank\" rel=\"noopener\" title=\"\">Monteagrelo Malbec<\/a><\/strong><\/p>\n\n\n\n<p>Bodega: Bressia<\/p>\n\n\n\n<p>Regiones: Valle de Uco y Luj\u00e1n de Cuyo, Mendoza<\/p>\n\n\n\n<p>Caracter\u00edsticas: Aromas a frutos rojos, pimientos, vainilla, chocolate y caf\u00e9. En boca es dulce, elegante y que expresa su tipicidad<\/p>\n\n\n\n<p>Precio aproximado. $525<\/p>\n\n\n\n<p><\/p>\n\n\n\n<p><\/p>\n\n\n<div class=\"wp-block-image\">\n<figure class=\"alignleft size-full is-resized\"><img loading=\"lazy\" decoding=\"async\" width=\"644\" height=\"2219\" src=\"https:\/\/revistaelconocedor.net\/wp-content\/uploads\/2024\/05\/Saurus-1.jpg\" alt=\"\" class=\"wp-image-60530\" style=\"width:100px;height:auto\" srcset=\"https:\/\/revistaelconocedor.net\/wp-content\/uploads\/2024\/05\/Saurus-1.jpg 644w, https:\/\/revistaelconocedor.net\/wp-content\/uploads\/2024\/05\/Saurus-1-446x1536.jpg 446w, https:\/\/revistaelconocedor.net\/wp-content\/uploads\/2024\/05\/Saurus-1-594x2048.jpg 594w, https:\/\/revistaelconocedor.net\/wp-content\/uploads\/2024\/05\/Saurus-1-450x1551.jpg 450w\" sizes=\"(max-width: 644px) 100vw, 644px\" \/><\/figure>\n<\/div>\n\n\n<p><\/p>\n\n\n\n<p><\/p>\n\n\n\n<p><strong><a href=\"http:\/\/www.instagram.com\/schroederwines\" target=\"_blank\" rel=\"noopener\" title=\"\">Saurus Barrel Fermented Malbec<\/a><\/strong><\/p>\n\n\n\n<p>Bodega Familia Schroeder<\/p>\n\n\n\n<p>Regi\u00f3n: San Patricio del Cha\u00f1ar, Neuqu\u00e9n, Patagonia<\/p>\n\n\n\n<p>Caracter\u00edsticas: En nariz tiene aromas a violetas, ciruelas, cerezas y ar\u00e1ndanos. En boca es estructurado con notas de moka y chocolate blanco, complejo y agradable<\/p>\n\n\n\n<p>Precio aproximado: $720<\/p>\n","protected":false},"excerpt":{"rendered":"<p>Diferentes etiquetas de este cl\u00e1sico sudamericano para todos los bolsillos y gustos, pero siempre de la mejor calidad<\/p>\n","protected":false},"author":25,"featured_media":60620,"comment_status":"open","ping_status":"closed","sticky":false,"template":"","format":"standard","meta":{"footnotes":""},"categories":[139],"tags":[2287,2289,6221],"class_list":["post-60519","post","type-post","status-publish","format-standard","has-post-thumbnail","hentry","category-vinos","tag-argentina","tag-mendoza","tag-patagonia-2"],"aioseo_notices":[],"_links":{"self":[{"href":"https:\/\/revistaelconocedor.net\/index.php\/wp-json\/wp\/v2\/posts\/60519","targetHints":{"allow":["GET"]}}],"collection":[{"href":"https:\/\/revistaelconocedor.net\/index.php\/wp-json\/wp\/v2\/posts"}],"about":[{"href":"https:\/\/revistaelconocedor.net\/index.php\/wp-json\/wp\/v2\/types\/post"}],"author":[{"embeddable":true,"href":"https:\/\/revistaelconocedor.net\/index.php\/wp-json\/wp\/v2\/users\/25"}],"replies":[{"embeddable":true,"href":"https:\/\/revistaelconocedor.net\/index.php\/wp-json\/wp\/v2\/comments?post=60519"}],"version-history":[{"count":3,"href":"https:\/\/revistaelconocedor.net\/index.php\/wp-json\/wp\/v2\/posts\/60519\/revisions"}],"predecessor-version":[{"id":60621,"href":"https:\/\/revistaelconocedor.net\/index.php\/wp-json\/wp\/v2\/posts\/60519\/revisions\/60621"}],"wp:featuredmedia":[{"embeddable":true,"href":"https:\/\/revistaelconocedor.net\/index.php\/wp-json\/wp\/v2\/media\/60620"}],"wp:attachment":[{"href":"https:\/\/revistaelconocedor.net\/index.php\/wp-json\/wp\/v2\/media?parent=60519"}],"wp:term":[{"taxonomy":"category","embeddable":true,"href":"https:\/\/revistaelconocedor.net\/index.php\/wp-json\/wp\/v2\/categories?post=60519"},{"taxonomy":"post_tag","embeddable":true,"href":"https:\/\/revistaelconocedor.net\/index.php\/wp-json\/wp\/v2\/tags?post=60519"}],"curies":[{"name":"wp","href":"https:\/\/api.w.org\/{rel}","templated":true}]}}