{"id":60351,"date":"2024-05-13T23:38:11","date_gmt":"2024-05-13T23:38:11","guid":{"rendered":"https:\/\/revistaelconocedor.net\/?p=60351"},"modified":"2024-05-13T23:38:13","modified_gmt":"2024-05-13T23:38:13","slug":"acura-integra-rendimiento-y-lujo-en-su-maxima-expresion","status":"publish","type":"post","link":"https:\/\/revistaelconocedor.net\/index.php\/2024\/05\/13\/acura-integra-rendimiento-y-lujo-en-su-maxima-expresion\/","title":{"rendered":"Acura Integra: rendimiento y lujo en su m\u00e1xima expresi\u00f3n"},"content":{"rendered":"\n<h2 class=\"wp-block-heading\"><em>Toma el control con la nueva versi\u00f3n del Acura Integra Type S, un modelo que integra poder, elegancia y tecnolog\u00eda avanzada<\/em><\/h2>\n\n\n\n<p>Desde su debut en 1986, el Acura Integra ha sido un s\u00edmbolo de elegancia y alto desempe\u00f1o en la industria automotriz. Esta versi\u00f3n, que se ha ido transformando a lo largo de casi cuatro d\u00e9cadas, hoy se consolida como el modelo m\u00e1s potente de la historia, con una conducci\u00f3n deportiva de alto nivel y un dise\u00f1o envidiable.&nbsp;<\/p>\n\n\n\n<p>Esta leyenda, disponible en tres atractivos colores, llama la atenci\u00f3n con su dise\u00f1o radical en versi\u00f3n Type S y su imponente presencia en la carretera, que eleva la experiencia desde el interior. Con una presencia deportiva, rines de 19 pulgadas y ca\u00edda liftback, es un en\u00e9rgico testimonio de modernidad y poder.<\/p>\n\n\n\n<figure class=\"wp-block-image size-full\"><img fetchpriority=\"high\" decoding=\"async\" width=\"1000\" height=\"667\" src=\"https:\/\/revistaelconocedor.net\/wp-content\/uploads\/2024\/05\/al-volante-acura.jpg\" alt=\"\" class=\"wp-image-60354\" srcset=\"https:\/\/revistaelconocedor.net\/wp-content\/uploads\/2024\/05\/al-volante-acura.jpg 1000w, https:\/\/revistaelconocedor.net\/wp-content\/uploads\/2024\/05\/al-volante-acura-450x300.jpg 450w, https:\/\/revistaelconocedor.net\/wp-content\/uploads\/2024\/05\/al-volante-acura-700x467.jpg 700w\" sizes=\"(max-width: 1000px) 100vw, 1000px\" \/><\/figure>\n\n\n\n<p>Y es que, gracias a la fusi\u00f3n de sus trazos aerodin\u00e1micos y su rendimiento inigualable, el Integra Type S demuestra su seguridad y control en todo momento. Formulado con alerones delanteros y traseros, splitter frontal y difusor trasero para garantizar la estabilidad en el camino, incluso a altas velocidades.<\/p>\n\n\n\n<h2 class=\"wp-block-heading has-text-align-center\">Te podr\u00eda interesar: <a href=\"https:\/\/revistaelconocedor.net\/index.php\/2023\/05\/23\/objetos-del-interior\/\">Objetos del interior<\/a><\/h2>\n\n\n\n<p>El auto cuenta con motor turboalimentado de 2.0 litros de 4 cilindros, que desata una potencia de 315 caballos de fuerza y un torque de 310 lb-pie para que el viaje sea tan emocionante como lo desees. Est\u00e1 equipado con una transmisi\u00f3n manual de seis velocidades enfocada a llevarte a niveles deportivos con sencillez y control de emparejamiento de revoluciones, caracter\u00edsticas \u00fanicas que son capaces de convertir cada curva en una emocionante aventura.\u00a0<\/p>\n\n\n\n<figure class=\"wp-block-image size-full\"><img decoding=\"async\" width=\"1000\" height=\"667\" src=\"https:\/\/revistaelconocedor.net\/wp-content\/uploads\/2024\/05\/acura-integra.jpg\" alt=\"\" class=\"wp-image-60352\" srcset=\"https:\/\/revistaelconocedor.net\/wp-content\/uploads\/2024\/05\/acura-integra.jpg 1000w, https:\/\/revistaelconocedor.net\/wp-content\/uploads\/2024\/05\/acura-integra-450x300.jpg 450w, https:\/\/revistaelconocedor.net\/wp-content\/uploads\/2024\/05\/acura-integra-700x467.jpg 700w\" sizes=\"(max-width: 1000px) 100vw, 1000px\" \/><\/figure>\n\n\n\n<p>Su interior vanguardista es igual de emocionante, pues este modelo est\u00e1 pensado para crear un espacio de conducci\u00f3n c\u00f3modo y lleno de lujo con asientos deportivos, materiales de calidad suprema y un avanzado sistema de infoentretenimiento para apoyar la conducci\u00f3n con una experiencia digital.<\/p>\n\n\n\n<h2 class=\"wp-block-heading has-text-align-center\">Te podr\u00eda interesar: <a href=\"https:\/\/revistaelconocedor.net\/index.php\/2024\/04\/29\/cume-en-conrad-tulum\/\">CuM\u00e9 en Conrad Tulum<\/a><\/h2>\n\n\n\n<p>El Acura Integra Type S 2024 se renueva para crear una vivencia m\u00e1s cercana y segura entre el conductor y la carretera. Debido a la direcci\u00f3n geosensible y su suspensi\u00f3n adaptativa, adem\u00e1s de su sistema de bolsas de aire, alerta de frenado y cambio de carril, limitador de velocidad personalizable y la <em>suit <\/em>de asistencia AcuraWatch\u00ae, el rendimiento y suavidad al conducir te permitir\u00e1n enfocarte en disfrutar de la traves\u00eda.\u00a0<\/p>\n\n\n\n<figure class=\"wp-block-image size-full\"><img decoding=\"async\" width=\"1000\" height=\"667\" src=\"https:\/\/revistaelconocedor.net\/wp-content\/uploads\/2024\/05\/acura-integra-2024.jpg\" alt=\"\" class=\"wp-image-60353\" srcset=\"https:\/\/revistaelconocedor.net\/wp-content\/uploads\/2024\/05\/acura-integra-2024.jpg 1000w, https:\/\/revistaelconocedor.net\/wp-content\/uploads\/2024\/05\/acura-integra-2024-450x300.jpg 450w, https:\/\/revistaelconocedor.net\/wp-content\/uploads\/2024\/05\/acura-integra-2024-700x467.jpg 700w\" sizes=\"(max-width: 1000px) 100vw, 1000px\" \/><\/figure>\n\n\n\n<p>Recorre el trayecto de una manera exclusiva con el nuevo Acura Integra, un modelo cl\u00e1sico que avanza con funcionalidad y elegancia, manteniendo vivo su legado.<\/p>\n\n\n\n<hr class=\"wp-block-separator has-alpha-channel-opacity\"\/>\n\n\n\n<p>Conoce m\u00e1s del Acura Integra Type S en <a href=\"http:\/\/honda.mx\" target=\"_blank\" rel=\"noopener\" title=\"\"><strong><em>honda.mx\u00a0<\/em><\/strong><\/a><\/p>\n","protected":false},"excerpt":{"rendered":"<p>Toma el control con la nueva versi\u00f3n del Acura Integra Type S, un modelo que integra poder, elegancia y tecnolog\u00eda avanzada<\/p>\n","protected":false},"author":1,"featured_media":60355,"comment_status":"open","ping_status":"closed","sticky":false,"template":"","format":"standard","meta":{"footnotes":""},"categories":[817,827],"tags":[2366,1485,1292],"class_list":["post-60351","post","type-post","status-publish","format-standard","has-post-thumbnail","hentry","category-al-volante","category-novedades","tag-acura","tag-al-volante","tag-autos"],"aioseo_notices":[],"_links":{"self":[{"href":"https:\/\/revistaelconocedor.net\/index.php\/wp-json\/wp\/v2\/posts\/60351","targetHints":{"allow":["GET"]}}],"collection":[{"href":"https:\/\/revistaelconocedor.net\/index.php\/wp-json\/wp\/v2\/posts"}],"about":[{"href":"https:\/\/revistaelconocedor.net\/index.php\/wp-json\/wp\/v2\/types\/post"}],"author":[{"embeddable":true,"href":"https:\/\/revistaelconocedor.net\/index.php\/wp-json\/wp\/v2\/users\/1"}],"replies":[{"embeddable":true,"href":"https:\/\/revistaelconocedor.net\/index.php\/wp-json\/wp\/v2\/comments?post=60351"}],"version-history":[{"count":1,"href":"https:\/\/revistaelconocedor.net\/index.php\/wp-json\/wp\/v2\/posts\/60351\/revisions"}],"predecessor-version":[{"id":60356,"href":"https:\/\/revistaelconocedor.net\/index.php\/wp-json\/wp\/v2\/posts\/60351\/revisions\/60356"}],"wp:featuredmedia":[{"embeddable":true,"href":"https:\/\/revistaelconocedor.net\/index.php\/wp-json\/wp\/v2\/media\/60355"}],"wp:attachment":[{"href":"https:\/\/revistaelconocedor.net\/index.php\/wp-json\/wp\/v2\/media?parent=60351"}],"wp:term":[{"taxonomy":"category","embeddable":true,"href":"https:\/\/revistaelconocedor.net\/index.php\/wp-json\/wp\/v2\/categories?post=60351"},{"taxonomy":"post_tag","embeddable":true,"href":"https:\/\/revistaelconocedor.net\/index.php\/wp-json\/wp\/v2\/tags?post=60351"}],"curies":[{"name":"wp","href":"https:\/\/api.w.org\/{rel}","templated":true}]}}