{"id":58450,"date":"2024-02-01T00:03:11","date_gmt":"2024-02-01T00:03:11","guid":{"rendered":"https:\/\/revistaelconocedor.net\/?p=58450"},"modified":"2024-02-02T00:45:36","modified_gmt":"2024-02-02T00:45:36","slug":"saborea-el-festival-del-pulque-en-el-mural-de-los-poblanos","status":"publish","type":"post","link":"https:\/\/revistaelconocedor.net\/index.php\/2024\/02\/01\/saborea-el-festival-del-pulque-en-el-mural-de-los-poblanos\/","title":{"rendered":"Saborea el Festival del Pulque en El Mural de los Poblanos"},"content":{"rendered":"\n<h2 class=\"wp-block-heading\"><em>\u00bfAmante del pulque? Si tu respuesta es s\u00ed, este festival es para ti, pero si no lo es, es la oportunidad para redescubrir esta bebida de dioses<\/em><\/h2>\n\n\n\n<p>Milenario, legendario e hist\u00f3rico, as\u00ed se presenta el pulque, una bebida que desde la \u00e9poca prehisp\u00e1nica no solo ha existido, sino que su relevancia y atesoramiento la hicieron parte de rituales religiosos y fue crucial en la vida de las \u00e9lites de aquel entonces.\u00a0<\/p>\n\n\n\n<p>Como cada a\u00f1o, <a href=\"http:\/\/elmuraldelospoblanos.com\/\" title=\"\">El Mural de los Poblanos<\/a>, este ic\u00f3nico restaurante ubicado en el centro de Puebla, le rinde homenaje con el Festival del Pulque, en el que desarrollan platillos y comparten con sus comensales la delicia que resulta encontrar un pulque de altura.\u00a0<\/p>\n\n\n\n<figure class=\"wp-block-image size-full\"><img fetchpriority=\"high\" decoding=\"async\" width=\"1600\" height=\"942\" src=\"https:\/\/revistaelconocedor.net\/wp-content\/uploads\/2024\/02\/WhatsApp-Image-2024-02-01-at-3.00.23-PM.jpg\" alt=\"Festival del Pulque\" class=\"wp-image-58451\" srcset=\"https:\/\/revistaelconocedor.net\/wp-content\/uploads\/2024\/02\/WhatsApp-Image-2024-02-01-at-3.00.23-PM.jpg 1600w, https:\/\/revistaelconocedor.net\/wp-content\/uploads\/2024\/02\/WhatsApp-Image-2024-02-01-at-3.00.23-PM-1536x904.jpg 1536w, https:\/\/revistaelconocedor.net\/wp-content\/uploads\/2024\/02\/WhatsApp-Image-2024-02-01-at-3.00.23-PM-450x265.jpg 450w, https:\/\/revistaelconocedor.net\/wp-content\/uploads\/2024\/02\/WhatsApp-Image-2024-02-01-at-3.00.23-PM-700x412.jpg 700w\" sizes=\"(max-width: 1600px) 100vw, 1600px\" \/><\/figure>\n\n\n\n<p>Para esta edici\u00f3n contar\u00e1n con la participaci\u00f3n del chef Marco Mellado, del restaurante <a href=\"http:\/\/lenayolivo.com.mx\/inicio\/\" title=\"\">Le\u00f1a y Olivo<\/a> ubicado en Tlaxcala. Qu\u00e9date, aqu\u00ed te cuento todo lo que podr\u00e1s saborear.&nbsp;<\/p>\n\n\n\n<p class=\"has-medium-font-size\"><strong>Entre magueyes y aguamiel<\/strong><\/p>\n\n\n\n<p>Para crear un festival de este nivel, es necesario contar con un producto de la m\u00e1s alta calidad y este lo han encontrado en San Mateo Ozolco, Puebla.&nbsp;<\/p>\n\n\n\n<p>Tradicionalmente, en esta regi\u00f3n a faldas del volc\u00e1n Popocat\u00e9petl, se cultiva maguey. Sin embargo, en Ozolco, la planta crece de manera silvestre a 3.000 metros de altura, otorg\u00e1ndole al aguamiel, y finalmente al pulque, caracter\u00edsticas \u00fanicas.&nbsp;<\/p>\n\n\n\n<h2 class=\"wp-block-heading has-text-align-center\">Te podr\u00eda interesar: <a href=\"https:\/\/revistaelconocedor.net\/index.php\/2024\/01\/15\/tejate-la-bebida-oaxaquena-que-tienes-que-probar\/\" title=\"\">Tejate, la bebida oaxaque\u00f1a que tienes que probar<\/a><\/h2>\n\n\n\n<p>Por ello, Alberto Rinc\u00f3n, tlachiquero, lo ha denominado \u201cpulque de altura\u201d, pues las particularidades que le da son distintas a la de aquellos magueyes que se encuentran en zonas m\u00e1s bajas: es dulce, ligero -no es viscoso-, y  \u201cno solo te nutre y te limpia, es alimento\u201d, acent\u00faa Rinc\u00f3n.\u00a0<\/p>\n\n\n\n<p class=\"has-medium-font-size\"><strong>El Festival del Pulque<\/strong><\/p>\n\n\n\n<p>Los chefs Mart\u00edn Hern\u00e1ndez L\u00f3pez de El Mural de los Poblanos y Marco Mellado de Le\u00f1a y Olivo, se inspiraron en este fermento para crear un men\u00fa de cinco tiempos -que cuenta con tres bebidas- en donde el com\u00fan denominador es esta bebida.&nbsp;<\/p>\n\n\n\n<p>Para abrir boca est\u00e1n los tacos de conejo adobado al pulque y el tlacoyo de ma\u00edz azul relleno de queso ahumado y hoja santa con mollejas a la parrilla, las dos con salsa borracha.<\/p>\n\n\n\n<h2 class=\"wp-block-heading has-text-align-center\">Te podr\u00eda interesar: <a href=\"https:\/\/revistaelconocedor.net\/index.php\/2023\/05\/30\/diferencias-entre-agaves-para-mezcal-guia-para-elegir-tu-favorito\/\" title=\"\">\u00bfDiferencias entre agaves para mezcal? Gu\u00eda para elegir tu favorito<\/a><\/h2>\n\n\n\n<p>En los platos fuertes hay contraste: la milanesa de ternera y el short rib braseado con pulque. El primero es un platillo de la infancia, apapachador, pero con un <em>twist<\/em> del experto pues el arroz que lo acompa\u00f1a est\u00e1 cocinado con esta bebida, \u00a1una maravilla!<\/p>\n\n\n\n<p>Por su parte, el short rib se deshac\u00eda y el pulque le otorgaba una nota dulce que combinaba con el adobo de chiles. Para terminar la experiencia: el cheesecake de tejocote y aguamiel con xoconostle en alm\u00edbar de jarabe de maguey con amaranto tostado\u2026 hacen de la comida una experiencia simplemente deliciosa.\u00a0<\/p>\n\n\n\n<figure class=\"wp-block-image size-full\"><img decoding=\"async\" width=\"2000\" height=\"1333\" src=\"https:\/\/revistaelconocedor.net\/wp-content\/uploads\/2024\/02\/IMG_1284.jpg\" alt=\"Cheesecake con aguamiel\" class=\"wp-image-58458\" srcset=\"https:\/\/revistaelconocedor.net\/wp-content\/uploads\/2024\/02\/IMG_1284.jpg 2000w, https:\/\/revistaelconocedor.net\/wp-content\/uploads\/2024\/02\/IMG_1284-1536x1024.jpg 1536w, https:\/\/revistaelconocedor.net\/wp-content\/uploads\/2024\/02\/IMG_1284-450x300.jpg 450w, https:\/\/revistaelconocedor.net\/wp-content\/uploads\/2024\/02\/IMG_1284-700x467.jpg 700w\" sizes=\"(max-width: 2000px) 100vw, 2000px\" \/><\/figure>\n\n\n\n<p>Entre las bebidas apareci\u00f3 el coctel Luci\u00e9rnaga hecho con Cascahu\u00edn blanco, Chartreuse verde, Cynar, jarabe de maguey pulquero con menta, lim\u00f3n verde y <em>bitter<\/em> de lima; as\u00ed como pulque natural y el curado del d\u00eda, que en aquella ocasi\u00f3n fue de frutos rojos.\u00a0<\/p>\n\n\n\n<p>Sin duda, el Festival del Pulque es el pretexto ideal para visitar El Mural de los Poblanos y descubrir las bondades de una bebida milenaria que es parte fundamental de nuestra cultura e historia.&nbsp;<\/p>\n\n\n\n<hr class=\"wp-block-separator has-alpha-channel-opacity\"\/>\n\n\n\n<p class=\"has-medium-font-size\"><strong>Festival del Pulque en El Mural de los Poblanos<\/strong><\/p>\n\n\n\n<p>\ud83d\udcc6 Disfr\u00fatalo hasta el 11 de febrero<\/p>\n\n\n\n<p>\ud83d\udccd<em>C. 16 de Septiembre 506, Centro, Puebla<\/em>.<\/p>\n\n\n\n<p><a href=\"https:\/\/www.instagram.com\/muraldelospoblanos\/\" title=\"\"><strong>@muraldelospoblanos<\/strong><\/a> | <a href=\"https:\/\/www.instagram.com\/lenayolivo\/\" title=\"\"><strong>@lenayolivo<\/strong><\/a><\/p>\n","protected":false},"excerpt":{"rendered":"<p>\u00bfAmante del pulque? Si tu respuesta es s\u00ed, este festival es para ti, pero si no lo es, es la oportunidad para redescubrir esta bebida de dioses<\/p>\n","protected":false},"author":37,"featured_media":58485,"comment_status":"open","ping_status":"closed","sticky":false,"template":"","format":"standard","meta":{"footnotes":""},"categories":[114],"tags":[2299,733,2301],"class_list":["post-58450","post","type-post","status-publish","format-standard","has-post-thumbnail","hentry","category-restaurantes","tag-festival-del-pulque","tag-puebla","tag-pulque"],"aioseo_notices":[],"_links":{"self":[{"href":"https:\/\/revistaelconocedor.net\/index.php\/wp-json\/wp\/v2\/posts\/58450","targetHints":{"allow":["GET"]}}],"collection":[{"href":"https:\/\/revistaelconocedor.net\/index.php\/wp-json\/wp\/v2\/posts"}],"about":[{"href":"https:\/\/revistaelconocedor.net\/index.php\/wp-json\/wp\/v2\/types\/post"}],"author":[{"embeddable":true,"href":"https:\/\/revistaelconocedor.net\/index.php\/wp-json\/wp\/v2\/users\/37"}],"replies":[{"embeddable":true,"href":"https:\/\/revistaelconocedor.net\/index.php\/wp-json\/wp\/v2\/comments?post=58450"}],"version-history":[{"count":11,"href":"https:\/\/revistaelconocedor.net\/index.php\/wp-json\/wp\/v2\/posts\/58450\/revisions"}],"predecessor-version":[{"id":58472,"href":"https:\/\/revistaelconocedor.net\/index.php\/wp-json\/wp\/v2\/posts\/58450\/revisions\/58472"}],"wp:featuredmedia":[{"embeddable":true,"href":"https:\/\/revistaelconocedor.net\/index.php\/wp-json\/wp\/v2\/media\/58485"}],"wp:attachment":[{"href":"https:\/\/revistaelconocedor.net\/index.php\/wp-json\/wp\/v2\/media?parent=58450"}],"wp:term":[{"taxonomy":"category","embeddable":true,"href":"https:\/\/revistaelconocedor.net\/index.php\/wp-json\/wp\/v2\/categories?post=58450"},{"taxonomy":"post_tag","embeddable":true,"href":"https:\/\/revistaelconocedor.net\/index.php\/wp-json\/wp\/v2\/tags?post=58450"}],"curies":[{"name":"wp","href":"https:\/\/api.w.org\/{rel}","templated":true}]}}