{"id":46784,"date":"2023-08-02T23:02:13","date_gmt":"2023-08-03T05:02:13","guid":{"rendered":"http:\/\/revistaelconocedor.com\/?p=46784"},"modified":"2023-08-02T23:02:13","modified_gmt":"2023-08-03T05:02:13","slug":"chiles-en-nogada-en-la-cdmx","status":"publish","type":"post","link":"https:\/\/revistaelconocedor.net\/index.php\/2023\/08\/02\/chiles-en-nogada-en-la-cdmx\/","title":{"rendered":"Chiles en nogada en la CDMX"},"content":{"rendered":"<p><em>Una de las temporadas m\u00e1s esperadas del a\u00f1o ya est\u00e1 aqu\u00ed: la \u00e9poca de los chiles en nogada. Este tradicional platillo viene una vez al a\u00f1o para acompa\u00f1arnos en los festejos patrios, mientras que se aprovecha de los productos de temporada como la granada, la nuez de castilla o la manzana panochera.<\/em><\/p>\n<p style=\"font-weight: 400;\">Sobre su origen existen diferentes versiones. La m\u00e1s popular es la que dice que la receta fue concebida por las monjas agustinas del convento de Santa M\u00f3nica en Puebla, quienes prepararon con los productos de temporada un platillo que tuviera los colores del Ej\u00e9rcito Trigarante para celebrar la Independencia de M\u00e9xico y al emperador Agust\u00edn de Iturbide.<\/p>\n<p style=\"font-weight: 400;\"><img fetchpriority=\"high\" decoding=\"async\" class=\"wp-image-46791 aligncenter\" src=\"https:\/\/revistaelconocedor.com\/wp-content\/uploads\/2023\/08\/chile-en-nogada-temporada-400x600.jpg\" alt=\"\" width=\"397\" height=\"596\" srcset=\"https:\/\/revistaelconocedor.net\/wp-content\/uploads\/2023\/08\/chile-en-nogada-temporada-400x600.jpg 400w, https:\/\/revistaelconocedor.net\/wp-content\/uploads\/2023\/08\/chile-en-nogada-temporada-768x1152.jpg 768w, https:\/\/revistaelconocedor.net\/wp-content\/uploads\/2023\/08\/chile-en-nogada-temporada-683x1024.jpg 683w, https:\/\/revistaelconocedor.net\/wp-content\/uploads\/2023\/08\/chile-en-nogada-temporada-150x225.jpg 150w, https:\/\/revistaelconocedor.net\/wp-content\/uploads\/2023\/08\/chile-en-nogada-temporada-600x900.jpg 600w\" sizes=\"(max-width: 397px) 100vw, 397px\" \/><\/p>\n<p style=\"font-weight: 400;\">Otra versi\u00f3n menos conocida es la de Artemio del Valle Arizpe, quien asegura que el platillo fue preparado por tres j\u00f3venes poblanas que quer\u00edan celebrar el regreso de sus novios, soldados. Para recibirlos, les prepararon los chiles con los colores de la bandera.<\/p>\n<h5 style=\"text-align: center;\">Te podr\u00eda interesar:<strong>\u00a0<a href=\"http:\/\/revistaelconocedor.com\/llega-temporada-de-chiles-en-nogada-en-puebla\/\" target=\"_blank\" rel=\"noopener\" data-saferedirecturl=\"https:\/\/www.google.com\/url?q=http:\/\/revistaelconocedor.com\/llega-temporada-de-chiles-en-nogada-en-puebla\/&amp;source=gmail&amp;ust=1691021235834000&amp;usg=AOvVaw05sQw2UeB2bdyfRsz8EIAL\">Llega la temporada de chiles en nogada en Puebla<\/a><\/strong><\/h5>\n<p style=\"font-weight: 400;\">Seg\u00fan el arque\u00f3logo Eduardo Merlo, en una aproximaci\u00f3n menos rom\u00e1ntica, pero de mayor veracidad hist\u00f3rica, los chiles en nogada ya exist\u00edan desde la \u00e9poca virreinal, pero como postres. El trabajo de reposter\u00eda durante el virreinato estuvo a cargo de monjas andaluzas, que hab\u00edan recibido influencia de los \u00e1rabes y la llevaron a los fogones.<\/p>\n<h5 style=\"font-weight: 400; text-align: center;\">Sea cual sea el origen, es un hecho que este platillo es una delicia esperada por muchos. Aqu\u00ed te contamos d\u00f3nde probarlo.<\/h5>\n<p style=\"font-weight: 400;\"><img decoding=\"async\" class=\"alignnone  wp-image-46787\" src=\"https:\/\/revistaelconocedor.com\/wp-content\/uploads\/2023\/08\/siembra-chile-en-nogada-600x400.png\" alt=\"\" width=\"501\" height=\"334\" srcset=\"https:\/\/revistaelconocedor.net\/wp-content\/uploads\/2023\/08\/siembra-chile-en-nogada-600x400.png 600w, https:\/\/revistaelconocedor.net\/wp-content\/uploads\/2023\/08\/siembra-chile-en-nogada-768x512.png 768w, https:\/\/revistaelconocedor.net\/wp-content\/uploads\/2023\/08\/siembra-chile-en-nogada-1024x683.png 1024w, https:\/\/revistaelconocedor.net\/wp-content\/uploads\/2023\/08\/siembra-chile-en-nogada-150x100.png 150w, https:\/\/revistaelconocedor.net\/wp-content\/uploads\/2023\/08\/siembra-chile-en-nogada.png 1460w\" sizes=\"(max-width: 501px) 100vw, 501px\" \/><\/p>\n<h4 style=\"font-weight: 400;\"><a href=\"https:\/\/www.instagram.com\/siembra.tortilleria\/\" target=\"_blank\" rel=\"noopener\"><strong>Siembra Comedor<\/strong><\/a><\/h4>\n<p style=\"font-weight: 400;\">Los chefs Israel Montero y Karina Mej\u00eda hicieron una nueva interpretaci\u00f3n de la nogada para Siembra Comedor. Aqu\u00ed el chile va relleno de pato con manzana panochera, durazno, pl\u00e1tano, pi\u00f1\u00f3n, pasas, almendras y especias. La nogada est\u00e1 hecha con queso de Ocosingo.<\/p>\n<p style=\"font-weight: 400;\"><em>Av. Ej\u00e9rcito Nacional 314, Polanco, CDMX<\/em><\/p>\n<p style=\"font-weight: 400;\"><img decoding=\"async\" class=\"alignnone  wp-image-46788\" src=\"https:\/\/revistaelconocedor.com\/wp-content\/uploads\/2023\/08\/nicos-chile-600x374.png\" alt=\"\" width=\"499\" height=\"311\" \/><\/p>\n<h4 style=\"font-weight: 400;\"><a href=\"https:\/\/www.instagram.com\/nicosmexico\/\" target=\"_blank\" rel=\"noopener\"><strong>Nicos<\/strong><\/a><\/h4>\n<p style=\"font-weight: 400;\">Uno de los lugares indispensables para probar un chile en nogada. En Nicos, el chef Gerardo V\u00e1zquez Lugo prepara la receta tradicional con productos que obtiene a trav\u00e9s de una alianza con comunidades de Calpan y Puebla. El chef adquiere los ingredientes directamente con los productores de la zona, y lo hace a trav\u00e9s del comercio justo.<\/p>\n<p style=\"font-weight: 400;\"><em>Av. Cuitlahuac 3102, Claver\u00eda, CDMX<\/em><\/p>\n<p style=\"font-weight: 400;\"><img loading=\"lazy\" decoding=\"async\" class=\"alignnone  wp-image-46790\" src=\"https:\/\/revistaelconocedor.com\/wp-content\/uploads\/2023\/08\/carmela-y-sal-494x600.png\" alt=\"\" width=\"400\" height=\"486\" srcset=\"https:\/\/revistaelconocedor.net\/wp-content\/uploads\/2023\/08\/carmela-y-sal-494x600.png 494w, https:\/\/revistaelconocedor.net\/wp-content\/uploads\/2023\/08\/carmela-y-sal-768x932.png 768w, https:\/\/revistaelconocedor.net\/wp-content\/uploads\/2023\/08\/carmela-y-sal-843x1024.png 843w, https:\/\/revistaelconocedor.net\/wp-content\/uploads\/2023\/08\/carmela-y-sal-150x182.png 150w, https:\/\/revistaelconocedor.net\/wp-content\/uploads\/2023\/08\/carmela-y-sal-600x728.png 600w, https:\/\/revistaelconocedor.net\/wp-content\/uploads\/2023\/08\/carmela-y-sal.png 1168w\" sizes=\"(max-width: 400px) 100vw, 400px\" \/><\/p>\n<h4 style=\"font-weight: 400;\"><a href=\"https:\/\/www.instagram.com\/carmelaysal\/\" target=\"_blank\" rel=\"noopener\"><strong>Carmela y Sal<\/strong><\/a><\/h4>\n<p style=\"font-weight: 400;\">En Carmela y Sal la chef Gaby Ruiz prepara la versi\u00f3n tradicional de los chiles en nogada, con abundante nogada y decorados con unos p\u00e9talos de rosas.<\/p>\n<p style=\"font-weight: 400;\"><em>Calle Pedregal 24, Molino del Rey, CDMX<\/em><\/p>\n<p style=\"font-weight: 400;\"><img loading=\"lazy\" decoding=\"async\" class=\"alignnone  wp-image-46789\" src=\"https:\/\/revistaelconocedor.com\/wp-content\/uploads\/2023\/08\/Captura-de-Pantalla-2023-08-02-a-las-22.44.30-600x419.png\" alt=\"\" width=\"500\" height=\"349\" srcset=\"https:\/\/revistaelconocedor.net\/wp-content\/uploads\/2023\/08\/Captura-de-Pantalla-2023-08-02-a-las-22.44.30-600x419.png 600w, https:\/\/revistaelconocedor.net\/wp-content\/uploads\/2023\/08\/Captura-de-Pantalla-2023-08-02-a-las-22.44.30-768x537.png 768w, https:\/\/revistaelconocedor.net\/wp-content\/uploads\/2023\/08\/Captura-de-Pantalla-2023-08-02-a-las-22.44.30-1024x715.png 1024w, https:\/\/revistaelconocedor.net\/wp-content\/uploads\/2023\/08\/Captura-de-Pantalla-2023-08-02-a-las-22.44.30-150x105.png 150w, https:\/\/revistaelconocedor.net\/wp-content\/uploads\/2023\/08\/Captura-de-Pantalla-2023-08-02-a-las-22.44.30.png 1460w\" sizes=\"(max-width: 500px) 100vw, 500px\" \/><\/p>\n<h4 style=\"font-weight: 400;\"><a href=\"https:\/\/www.instagram.com\/arango_cocinaderaices\/\" target=\"_blank\" rel=\"noopener\"><strong>Arango, cocina de ra\u00edces<\/strong><\/a><\/h4>\n<p style=\"font-weight: 400;\">Prueba un chile en nogada con la mejor vista al Monumento a la Revoluci\u00f3n en Arango, cocina de ra\u00edces. Ah\u00ed, el chef Alejandro Cuatepotzo, poblano de nacimiento, recrea la receta tradicional con ingredientes tra\u00eddos desde Calpan, Puebla.<\/p>\n<p style=\"font-weight: 400;\"><em>Av. de la Rep\u00fablica 157, Tabacalera, CDMX<\/em><\/p>\n<p style=\"font-weight: 400;\"><img loading=\"lazy\" decoding=\"async\" class=\"alignnone  wp-image-46786\" src=\"https:\/\/revistaelconocedor.com\/wp-content\/uploads\/2023\/08\/el-tajin-chiles-en-nogada-600x562.png\" alt=\"\" width=\"500\" height=\"468\" \/><\/p>\n<h4 style=\"font-weight: 400;\"><a href=\"https:\/\/www.instagram.com\/eltajinrestaurante\/\" target=\"_blank\" rel=\"noopener\"><strong>El Taj\u00edn<\/strong><\/a><\/h4>\n<p style=\"font-weight: 400;\">Este a\u00f1o, el restaurante a cargo de Miguel y Ana Arroyo est\u00e1 celebrando su 30 aniversario junto con la temporada de chiles en nogada. Aqu\u00ed sirven la receta tradicional y, este a\u00f1o, para festejar, sugieren acompa\u00f1arla con una copa del clarete de Protos, de la DO Cigales.<\/p>\n<p style=\"font-weight: 400;\"><em>Miguel \u00c1ngel de Quevedo 687, San Francisco, CDMX<\/em><\/p>\n<p>____________<\/p>\n","protected":false},"excerpt":{"rendered":"<p>Una de las temporadas m\u00e1s esperadas del a\u00f1o ya est\u00e1 aqu\u00ed: la \u00e9poca de los chiles en nogada. Este tradicional platillo viene una vez al a\u00f1o para acompa\u00f1arnos en los festejos patrios, mientras que se aprovecha de los productos de temporada como la granada, la nuez de castilla o la manzana panochera. Sobre su origen [&hellip;]<\/p>\n","protected":false},"author":1,"featured_media":56796,"comment_status":"open","ping_status":"closed","sticky":false,"template":"","format":"standard","meta":{"footnotes":""},"categories":[239],"tags":[1444,1711,1366,1972,1625,5563],"class_list":["post-46784","post","type-post","status-publish","format-standard","has-post-thumbnail","hentry","category-sabores","tag-arango","tag-carmela-y-sal","tag-chiles-en-nogada","tag-el-tajin","tag-nicos","tag-siembra-comedor"],"aioseo_notices":[],"_links":{"self":[{"href":"https:\/\/revistaelconocedor.net\/index.php\/wp-json\/wp\/v2\/posts\/46784","targetHints":{"allow":["GET"]}}],"collection":[{"href":"https:\/\/revistaelconocedor.net\/index.php\/wp-json\/wp\/v2\/posts"}],"about":[{"href":"https:\/\/revistaelconocedor.net\/index.php\/wp-json\/wp\/v2\/types\/post"}],"author":[{"embeddable":true,"href":"https:\/\/revistaelconocedor.net\/index.php\/wp-json\/wp\/v2\/users\/1"}],"replies":[{"embeddable":true,"href":"https:\/\/revistaelconocedor.net\/index.php\/wp-json\/wp\/v2\/comments?post=46784"}],"version-history":[{"count":0,"href":"https:\/\/revistaelconocedor.net\/index.php\/wp-json\/wp\/v2\/posts\/46784\/revisions"}],"wp:featuredmedia":[{"embeddable":true,"href":"https:\/\/revistaelconocedor.net\/index.php\/wp-json\/wp\/v2\/media\/56796"}],"wp:attachment":[{"href":"https:\/\/revistaelconocedor.net\/index.php\/wp-json\/wp\/v2\/media?parent=46784"}],"wp:term":[{"taxonomy":"category","embeddable":true,"href":"https:\/\/revistaelconocedor.net\/index.php\/wp-json\/wp\/v2\/categories?post=46784"},{"taxonomy":"post_tag","embeddable":true,"href":"https:\/\/revistaelconocedor.net\/index.php\/wp-json\/wp\/v2\/tags?post=46784"}],"curies":[{"name":"wp","href":"https:\/\/api.w.org\/{rel}","templated":true}]}}