{"id":45925,"date":"2023-06-09T09:37:19","date_gmt":"2023-06-09T15:37:19","guid":{"rendered":"http:\/\/revistaelconocedor.com\/?p=45925"},"modified":"2023-06-09T09:37:19","modified_gmt":"2023-06-09T15:37:19","slug":"cadillac-escalade-iq-hermetismo-alrededor-la-suv-electrica-lujo","status":"publish","type":"post","link":"https:\/\/revistaelconocedor.net\/index.php\/2023\/06\/09\/cadillac-escalade-iq-hermetismo-alrededor-la-suv-electrica-lujo\/","title":{"rendered":"Cadillac Escalade IQ, el hermetismo alrededor de la SUV el\u00e9ctrica de lujo"},"content":{"rendered":"<h4 data-mrf-recirculation=\"Motor.es Noticia Cuerpo\"><strong>Cadillac Escalade hab\u00eda adelantado que volver\u00eda a territorio europeo este a\u00f1o, y lo har\u00e1 con\u00a0una versi\u00f3n cero emisiones.<\/strong><\/h4>\n<p data-mrf-recirculation=\"Motor.es Noticia Cuerpo\"><strong>La marca de lujo norteamericana est\u00e1 apostando seriamente por los\u00a0el\u00e9ctricos,<\/strong> y la pruebas eran este SUV\u00a0que ya comercializa y el exclusivo Celestiq en el que afinan los \u00faltimos detalles. Adem\u00e1s, ha empezado con el desarrollo del\u00a0Escalade\u00a0el\u00e9ctrico.<\/p>\n<p data-mrf-recirculation=\"Motor.es Noticia Cuerpo\"><img fetchpriority=\"high\" decoding=\"async\" class=\"size-medium wp-image-45927 aligncenter\" src=\"https:\/\/revistaelconocedor.com\/wp-content\/uploads\/2023\/06\/Cadillac-Escalade-IQ-2-600x285.jpg\" alt=\"\" width=\"600\" height=\"285\" \/><\/p>\n<p data-mrf-recirculation=\"Motor.es Noticia Cuerpo\"><strong>Las primeras impresiones del modelo muestran una silueta m\u00e1s elegante, manteniendo sus enormes proporciones.<\/strong>\u00a0La vista frontal revela nuevos faros y un colmillo en los extremos que no llega hasta el borde de la defensa, la cual termina en liso. Por detr\u00e1s,\u00a0sus caracter\u00edsticos pilotos verticales se mantienen pero con un dise\u00f1o nuevo, destacando la ausencia de escapes y con unos bajos totalmente carenados.<\/p>\n<p data-mrf-recirculation=\"Motor.es Noticia Cuerpo\"><img decoding=\"async\" class=\"size-medium wp-image-45928 aligncenter\" src=\"https:\/\/revistaelconocedor.com\/wp-content\/uploads\/2023\/06\/Cadillac-Escalade-IQ-3-600x285.jpg\" alt=\"\" width=\"600\" height=\"285\" \/><\/p>\n<p data-mrf-recirculation=\"Motor.es Noticia Cuerpo\"><strong> Su potencia estar\u00e1 a cargo de la exclusiva tecnolog\u00eda \u00abUltium\u00bb,<\/strong> con\u00a0dos motores el\u00e9ctricos y tracci\u00f3n total, adem\u00e1s de una potente bater\u00eda de alta capacidad para ofrecer la m\u00e1xima autonom\u00eda.\u00a0<\/p>\n<p data-mrf-recirculation=\"Motor.es Noticia Cuerpo\">Se pueden apreciar sus\u00a0llantas de aleaci\u00f3n de 24 pulgadas y un interior muy tecnol\u00f3gico que llevar\u00e1 a siete pasajeros.\u00a0<\/p>\n<p style=\"text-align: center;\" data-mrf-recirculation=\"Motor.es Noticia Cuerpo\"><a href=\"https:\/\/revistaelconocedor.com\/cadillac-120-anos-diseno-e-innovacion-automotriz\/\"><em>Cadillac: 120 a\u00f1os de dise\u00f1o e innovaci\u00f3n automotriz<\/em><\/a><\/p>\n","protected":false},"excerpt":{"rendered":"<p>Cadillac Escalade hab\u00eda adelantado que volver\u00eda a territorio europeo este a\u00f1o, y lo har\u00e1 con\u00a0una versi\u00f3n cero emisiones. La marca de lujo norteamericana est\u00e1 apostando seriamente por los\u00a0el\u00e9ctricos, y la pruebas eran este SUV\u00a0que ya comercializa y el exclusivo Celestiq en el que afinan los \u00faltimos detalles. Adem\u00e1s, ha empezado con el desarrollo del\u00a0Escalade\u00a0el\u00e9ctrico. Las [&hellip;]<\/p>\n","protected":false},"author":1,"featured_media":56378,"comment_status":"open","ping_status":"closed","sticky":false,"template":"","format":"standard","meta":{"footnotes":""},"categories":[817,827],"tags":[5630,5631,5632,5633,5634,5635],"class_list":["post-45925","post","type-post","status-publish","format-standard","has-post-thumbnail","hentry","category-al-volante","category-novedades","tag-cadillac-escalade","tag-cadillac-escalade-iq","tag-celestiq","tag-cero-emisiones","tag-suv-electrica","tag-ultium"],"aioseo_notices":[],"_links":{"self":[{"href":"https:\/\/revistaelconocedor.net\/index.php\/wp-json\/wp\/v2\/posts\/45925","targetHints":{"allow":["GET"]}}],"collection":[{"href":"https:\/\/revistaelconocedor.net\/index.php\/wp-json\/wp\/v2\/posts"}],"about":[{"href":"https:\/\/revistaelconocedor.net\/index.php\/wp-json\/wp\/v2\/types\/post"}],"author":[{"embeddable":true,"href":"https:\/\/revistaelconocedor.net\/index.php\/wp-json\/wp\/v2\/users\/1"}],"replies":[{"embeddable":true,"href":"https:\/\/revistaelconocedor.net\/index.php\/wp-json\/wp\/v2\/comments?post=45925"}],"version-history":[{"count":0,"href":"https:\/\/revistaelconocedor.net\/index.php\/wp-json\/wp\/v2\/posts\/45925\/revisions"}],"wp:featuredmedia":[{"embeddable":true,"href":"https:\/\/revistaelconocedor.net\/index.php\/wp-json\/wp\/v2\/media\/56378"}],"wp:attachment":[{"href":"https:\/\/revistaelconocedor.net\/index.php\/wp-json\/wp\/v2\/media?parent=45925"}],"wp:term":[{"taxonomy":"category","embeddable":true,"href":"https:\/\/revistaelconocedor.net\/index.php\/wp-json\/wp\/v2\/categories?post=45925"},{"taxonomy":"post_tag","embeddable":true,"href":"https:\/\/revistaelconocedor.net\/index.php\/wp-json\/wp\/v2\/tags?post=45925"}],"curies":[{"name":"wp","href":"https:\/\/api.w.org\/{rel}","templated":true}]}}