{"id":45639,"date":"2023-05-23T13:30:47","date_gmt":"2023-05-23T19:30:47","guid":{"rendered":"http:\/\/revistaelconocedor.com\/?p=45639"},"modified":"2023-05-23T13:30:47","modified_gmt":"2023-05-23T19:30:47","slug":"objetos-del-interior","status":"publish","type":"post","link":"https:\/\/revistaelconocedor.net\/index.php\/2023\/05\/23\/objetos-del-interior\/","title":{"rendered":"Objetos del interior"},"content":{"rendered":"<p><strong>Muchos de nosotros podemos coincidir en que la gastronom\u00eda es una expresi\u00f3n creativa.<\/strong> En esta disciplina son importantes los insumos que se utilizan, las manos que intervienen, las ideas que la originan y claro, las personas que la disfrutan. Este recorrido crea, como en el arte, un di\u00e1logo que va desde la idea a la materia prima, la mano que lo ejecuta y la persona que lo admira. Lo mismo sucede con los objetos de Del Interior.<\/p>\n<p><strong>Del Interior es una marca de objetos utilitarios fundada por Eliel V\u00e1zquez que construye un di\u00e1logo a trav\u00e9s del estudio de las formas, el dise\u00f1o industrial y el trabajo artesanal.<\/strong> El joven dise\u00f1ador originario de Guadalajara crea objetos utilitarios que satisfacen tanto las necesidades est\u00e9ticas como funcionales de sus usuarios y, al mismo tiempo, transmiten de manera clara el principal prop\u00f3sito del creativo: concebir objetos que comuniquen.<\/p>\n<p><img fetchpriority=\"high\" decoding=\"async\" class=\"size-medium wp-image-45647 aligncenter\" src=\"https:\/\/revistaelconocedor.com\/wp-content\/uploads\/2023\/05\/del-interior-2-1-522x600.jpg\" alt=\"\" width=\"522\" height=\"600\" srcset=\"https:\/\/revistaelconocedor.net\/wp-content\/uploads\/2023\/05\/del-interior-2-1-522x600.jpg 522w, https:\/\/revistaelconocedor.net\/wp-content\/uploads\/2023\/05\/del-interior-2-1-768x883.jpg 768w, https:\/\/revistaelconocedor.net\/wp-content\/uploads\/2023\/05\/del-interior-2-1-150x172.jpg 150w, https:\/\/revistaelconocedor.net\/wp-content\/uploads\/2023\/05\/del-interior-2-1-600x690.jpg 600w, https:\/\/revistaelconocedor.net\/wp-content\/uploads\/2023\/05\/del-interior-2-1.jpg 870w\" sizes=\"(max-width: 522px) 100vw, 522px\" \/><\/p>\n<p>Eliel busca, a trav\u00e9s de sus piezas, generar una expresi\u00f3n que emane desde el interior de su dise\u00f1ador, sus creadores y, posteriormente, de las personas que los integren a su d\u00eda a d\u00eda. <strong>Los objetos no solo se incorporan al quehacer del usuario en su rutina diaria y su vida cotidiana,<\/strong> sino que tambi\u00e9n cumplen una funci\u00f3n escult\u00f3rica mientras reposan en cualquier lugar donde se les coloque.<\/p>\n<p style=\"text-align: center;\"><a href=\"https:\/\/revistaelconocedor.com\/diseno-mexicano-para-el-confinamiento\/\">Dise\u00f1o mexicano para disfrutar nuestra casa<\/a><\/p>\n<p>Para esta primera entrega, <strong>Del Interior presenta las siguientes piezas: una jarra con capacidad de 750 ml, as\u00ed como otra jarra que puede fungir como florero de 345 ml;<\/strong> tambi\u00e9n presenta un set de portavelas de tres piezas que pueden ser usadas en lo individual o estibables para crear una pieza diferente, adem\u00e1 de un porta incienso. Todas fabricadas en cer\u00e1mica de alta temperatura.<\/p>\n<p><img decoding=\"async\" class=\"size-medium wp-image-45648 aligncenter\" src=\"https:\/\/revistaelconocedor.com\/wp-content\/uploads\/2023\/05\/del-interior-3-1-435x600.jpg\" alt=\"\" width=\"435\" height=\"600\" srcset=\"https:\/\/revistaelconocedor.net\/wp-content\/uploads\/2023\/05\/del-interior-3-1-435x600.jpg 435w, https:\/\/revistaelconocedor.net\/wp-content\/uploads\/2023\/05\/del-interior-3-1-768x1059.jpg 768w, https:\/\/revistaelconocedor.net\/wp-content\/uploads\/2023\/05\/del-interior-3-1-743x1024.jpg 743w, https:\/\/revistaelconocedor.net\/wp-content\/uploads\/2023\/05\/del-interior-3-1-150x207.jpg 150w, https:\/\/revistaelconocedor.net\/wp-content\/uploads\/2023\/05\/del-interior-3-1-600x827.jpg 600w, https:\/\/revistaelconocedor.net\/wp-content\/uploads\/2023\/05\/del-interior-3-1.jpg 1218w\" sizes=\"(max-width: 435px) 100vw, 435px\" \/><\/p>\n<p><strong>Del Interior busca crear objetos que nos acompa\u00f1en en nuestro d\u00eda a d\u00eda,<\/strong> que formen parte de los momentos de intimidad o de la convivencia con nuestros seres queridos, pero que se integren de manera org\u00e1nica a nuestras vidas y nos permitan resignificarlos, convirti\u00e9ndose en una extensi\u00f3n de nosotros.<\/p>\n<p class=\"post-title\" style=\"text-align: center;\"><a href=\"https:\/\/revistaelconocedor.com\/tendencias-en-home-office-diseno-estilo-sustentabilidad\/\"><em>Tendencias en home office: dise\u00f1o, estilo y sustentabilidad<\/em><\/a><\/p>\n","protected":false},"excerpt":{"rendered":"<p>Muchos de nosotros podemos coincidir en que la gastronom\u00eda es una expresi\u00f3n creativa. En esta disciplina son importantes los insumos que se utilizan, las manos que intervienen, las ideas que la originan y claro, las personas que la disfrutan. Este recorrido crea, como en el arte, un di\u00e1logo que va desde la idea a la [&hellip;]<\/p>\n","protected":false},"author":22,"featured_media":56218,"comment_status":"open","ping_status":"closed","sticky":false,"template":"","format":"standard","meta":{"footnotes":""},"categories":[1492,1099],"tags":[5517,5518,1545,3286,796,5519],"class_list":["post-45639","post","type-post","status-publish","format-standard","has-post-thumbnail","hentry","category-arte-y-diseno","category-tendencias","tag-artesanal","tag-del-interior","tag-diseno","tag-diseno-industrial","tag-gastonomia","tag-objetos-utilitarios"],"aioseo_notices":[],"_links":{"self":[{"href":"https:\/\/revistaelconocedor.net\/index.php\/wp-json\/wp\/v2\/posts\/45639","targetHints":{"allow":["GET"]}}],"collection":[{"href":"https:\/\/revistaelconocedor.net\/index.php\/wp-json\/wp\/v2\/posts"}],"about":[{"href":"https:\/\/revistaelconocedor.net\/index.php\/wp-json\/wp\/v2\/types\/post"}],"author":[{"embeddable":true,"href":"https:\/\/revistaelconocedor.net\/index.php\/wp-json\/wp\/v2\/users\/22"}],"replies":[{"embeddable":true,"href":"https:\/\/revistaelconocedor.net\/index.php\/wp-json\/wp\/v2\/comments?post=45639"}],"version-history":[{"count":0,"href":"https:\/\/revistaelconocedor.net\/index.php\/wp-json\/wp\/v2\/posts\/45639\/revisions"}],"wp:featuredmedia":[{"embeddable":true,"href":"https:\/\/revistaelconocedor.net\/index.php\/wp-json\/wp\/v2\/media\/56218"}],"wp:attachment":[{"href":"https:\/\/revistaelconocedor.net\/index.php\/wp-json\/wp\/v2\/media?parent=45639"}],"wp:term":[{"taxonomy":"category","embeddable":true,"href":"https:\/\/revistaelconocedor.net\/index.php\/wp-json\/wp\/v2\/categories?post=45639"},{"taxonomy":"post_tag","embeddable":true,"href":"https:\/\/revistaelconocedor.net\/index.php\/wp-json\/wp\/v2\/tags?post=45639"}],"curies":[{"name":"wp","href":"https:\/\/api.w.org\/{rel}","templated":true}]}}