{"id":45336,"date":"2023-05-12T12:40:46","date_gmt":"2023-05-12T18:40:46","guid":{"rendered":"http:\/\/revistaelconocedor.com\/?p=45336"},"modified":"2023-05-12T12:40:46","modified_gmt":"2023-05-12T18:40:46","slug":"5-lugares-probar-cafe-especialidad-en-la-cdmx","status":"publish","type":"post","link":"https:\/\/revistaelconocedor.net\/index.php\/2023\/05\/12\/5-lugares-probar-cafe-especialidad-en-la-cdmx\/","title":{"rendered":"5 lugares para probar caf\u00e9 de especialidad en la CDMX"},"content":{"rendered":"<h4><strong>Caf\u00e9s hay muchos, y caf\u00e9s que sirven bebidas de excelencia, tambi\u00e9n. El camino para encontrar una gran taza es buscar la bebida de especialidad; esto significa que el grano fue cultivado y producido bajo estrictos est\u00e1ndares de calidad.<\/strong><\/h4>\n<p>Para que un caf\u00e9 sea considerado de especialidad <strong>debemos de conocer toda la historia del grano as\u00ed comos su origen,<\/strong> variedad, c\u00f3mo fue recolectado, los porcentajes de humedad a los que estuvo expuesto y c\u00f3mo fue su cultivo.<\/p>\n<p>Adem\u00e1s, solo se recolectan granos que hayan cumplido con los requisitos de calidad,<strong> y se valora el trabajo en el campo<\/strong> as\u00ed como la responsabilidad social y medioambiental de los productores.<\/p>\n<p>Para probar las mejores tazas de granos mexicanos e internacionales, <strong>te recomendamos estos cinco lugares<\/strong> para probar caf\u00e9 de especialidad.<\/p>\n<p><img fetchpriority=\"high\" decoding=\"async\" class=\"aligncenter wp-image-45337 size-full\" src=\"https:\/\/revistaelconocedor.com\/wp-content\/uploads\/2023\/05\/cafe-especialidad-1.png\" alt=\"\" width=\"470\" height=\"587\" srcset=\"https:\/\/revistaelconocedor.net\/wp-content\/uploads\/2023\/05\/cafe-especialidad-1.png 470w, https:\/\/revistaelconocedor.net\/wp-content\/uploads\/2023\/05\/cafe-especialidad-1-150x187.png 150w\" sizes=\"(max-width: 470px) 100vw, 470px\" \/><\/p>\n<p><strong>Avellaneda:<\/strong> este cl\u00e1sico de Coyoac\u00e1n sirve bebidas a base de expresso, hechas con granos provenientes de distintas regiones productoras mexicanas.<\/p>\n<p><a href=\"https:\/\/www.instagram.com\/avellanedakf\/\"><strong>@avellanedakf<\/strong><\/a><\/p>\n<p><img decoding=\"async\" class=\"size-full wp-image-45338 aligncenter\" src=\"https:\/\/revistaelconocedor.com\/wp-content\/uploads\/2023\/05\/cafe-especialidad-2.png\" alt=\"\" width=\"590\" height=\"422\" srcset=\"https:\/\/revistaelconocedor.net\/wp-content\/uploads\/2023\/05\/cafe-especialidad-2.png 590w, https:\/\/revistaelconocedor.net\/wp-content\/uploads\/2023\/05\/cafe-especialidad-2-150x107.png 150w\" sizes=\"(max-width: 590px) 100vw, 590px\" \/><\/p>\n<p><strong>Almanegra Caf\u00e9:<\/strong> En Almanegra puedes comprar caf\u00e9 molido, en grano, bebidas preparadas y hasta gadgets. Tienen granos nacionales provenientes de Chiapas, Veracruz, el Estado de M\u00e9xico, Guerrero, Hidalgo, Michoac\u00e1n, Nayarit, Oaxaca y Puebla y de regiones productoras internacionales como Colombia, Etiop\u00eda, Kenya o Yemen.<\/p>\n<p><a href=\"https:\/\/www.instagram.com\/almanegracafe\/\"><strong>@almanegracafe<\/strong><\/a><\/p>\n<p><img decoding=\"async\" class=\"size-full wp-image-45339 aligncenter\" src=\"https:\/\/revistaelconocedor.com\/wp-content\/uploads\/2023\/05\/cafe-especialidad-3.png\" alt=\"\" width=\"571\" height=\"584\" srcset=\"https:\/\/revistaelconocedor.net\/wp-content\/uploads\/2023\/05\/cafe-especialidad-3.png 571w, https:\/\/revistaelconocedor.net\/wp-content\/uploads\/2023\/05\/cafe-especialidad-3-150x153.png 150w\" sizes=\"(max-width: 571px) 100vw, 571px\" \/><\/p>\n<p><strong>Cumb\u00e9:<\/strong> Este peque\u00f1o caf\u00e9 de la colonia Roma distribuye de manera responsable y sustentable los mejores granos de caf\u00e9 mexicanos, que puedes llevarte a casa o probar en el lugar. Si quieres disfrutar de tu caf\u00e9 ah\u00ed, d\u00e9jate guiar por el barista, que seguramente sabr\u00e1 recomendarte el mejor grano y m\u00e9todo de extracci\u00f3n para tus gustos.<\/p>\n<p><a href=\"https:\/\/www.instagram.com\/cumbe.lat\/\"><strong>@cumbe.lat<\/strong><\/a><\/p>\n<p><img loading=\"lazy\" decoding=\"async\" class=\"size-full wp-image-45340 aligncenter\" src=\"https:\/\/revistaelconocedor.com\/wp-content\/uploads\/2023\/05\/cafe-especialidad-4.png\" alt=\"\" width=\"475\" height=\"549\" srcset=\"https:\/\/revistaelconocedor.net\/wp-content\/uploads\/2023\/05\/cafe-especialidad-4.png 475w, https:\/\/revistaelconocedor.net\/wp-content\/uploads\/2023\/05\/cafe-especialidad-4-150x173.png 150w\" sizes=\"(max-width: 475px) 100vw, 475px\" \/><\/p>\n<p><strong>Blanco Camelia:<\/strong> Este no es un caf\u00e9, es un restaurante con un concepto que, casi por norma, a todos los \u00f1o\u00f1os del caf\u00e9 les encanta: all day breakfast. Pero adem\u00e1s de hot cakes y pan franc\u00e9s espectaculares, aqu\u00ed tienen caf\u00e9 de Jiribilla, que puedes pedir con distintos m\u00e9todos de extracci\u00f3n.<\/p>\n<p><a href=\"https:\/\/www.instagram.com\/blancocamelia_\/\"><strong>@blancocamelia_<\/strong><\/a><\/p>\n<p><strong><img loading=\"lazy\" decoding=\"async\" class=\"size-full wp-image-45341 aligncenter\" src=\"https:\/\/revistaelconocedor.com\/wp-content\/uploads\/2023\/05\/cafe-especialidad-5.png\" alt=\"\" width=\"472\" height=\"594\" srcset=\"https:\/\/revistaelconocedor.net\/wp-content\/uploads\/2023\/05\/cafe-especialidad-5.png 472w, https:\/\/revistaelconocedor.net\/wp-content\/uploads\/2023\/05\/cafe-especialidad-5-150x189.png 150w\" sizes=\"(max-width: 472px) 100vw, 472px\" \/><\/strong><\/p>\n<p><strong>Camino a Comala:<\/strong> Este caf\u00e9 se enfoca en productos artesanales, por lo que adem\u00e1s de comida, panader\u00eda y cervezas artesanales, podr\u00e1s encontrar caf\u00e9s especiales de Veracruz, Chiapas, Guerrero y Oaxaca.<\/p>\n<p><a href=\"https:\/\/www.instagram.com\/caminoacomala\/\"><strong>@caminoacomala<\/strong><\/a><\/p>\n","protected":false},"excerpt":{"rendered":"<p>Caf\u00e9s hay muchos, y caf\u00e9s que sirven bebidas de excelencia, tambi\u00e9n. El camino para encontrar una gran taza es buscar la bebida de especialidad; esto significa que el grano fue cultivado y producido bajo estrictos est\u00e1ndares de calidad. Para que un caf\u00e9 sea considerado de especialidad debemos de conocer toda la historia del grano as\u00ed [&hellip;]<\/p>\n","protected":false},"author":1,"featured_media":56056,"comment_status":"open","ping_status":"closed","sticky":false,"template":"","format":"standard","meta":{"footnotes":""},"categories":[96],"tags":[5428,5429,5430,791,5431,5432,5433],"class_list":["post-45336","post","type-post","status-publish","format-standard","has-post-thumbnail","hentry","category-bebidas","tag-almanegra-cafe","tag-avellaneda","tag-blanco-camelia","tag-cafe","tag-cafe-especialidad","tag-camino-a-comala","tag-cumbe"],"aioseo_notices":[],"_links":{"self":[{"href":"https:\/\/revistaelconocedor.net\/index.php\/wp-json\/wp\/v2\/posts\/45336","targetHints":{"allow":["GET"]}}],"collection":[{"href":"https:\/\/revistaelconocedor.net\/index.php\/wp-json\/wp\/v2\/posts"}],"about":[{"href":"https:\/\/revistaelconocedor.net\/index.php\/wp-json\/wp\/v2\/types\/post"}],"author":[{"embeddable":true,"href":"https:\/\/revistaelconocedor.net\/index.php\/wp-json\/wp\/v2\/users\/1"}],"replies":[{"embeddable":true,"href":"https:\/\/revistaelconocedor.net\/index.php\/wp-json\/wp\/v2\/comments?post=45336"}],"version-history":[{"count":0,"href":"https:\/\/revistaelconocedor.net\/index.php\/wp-json\/wp\/v2\/posts\/45336\/revisions"}],"wp:featuredmedia":[{"embeddable":true,"href":"https:\/\/revistaelconocedor.net\/index.php\/wp-json\/wp\/v2\/media\/56056"}],"wp:attachment":[{"href":"https:\/\/revistaelconocedor.net\/index.php\/wp-json\/wp\/v2\/media?parent=45336"}],"wp:term":[{"taxonomy":"category","embeddable":true,"href":"https:\/\/revistaelconocedor.net\/index.php\/wp-json\/wp\/v2\/categories?post=45336"},{"taxonomy":"post_tag","embeddable":true,"href":"https:\/\/revistaelconocedor.net\/index.php\/wp-json\/wp\/v2\/tags?post=45336"}],"curies":[{"name":"wp","href":"https:\/\/api.w.org\/{rel}","templated":true}]}}