{"id":40892,"date":"2022-04-05T10:57:08","date_gmt":"2022-04-05T15:57:08","guid":{"rendered":"http:\/\/revistaelconocedor.com\/?p=40892"},"modified":"2022-04-05T10:57:08","modified_gmt":"2022-04-05T15:57:08","slug":"nespresso-ama-mexico","status":"publish","type":"post","link":"https:\/\/revistaelconocedor.net\/index.php\/2022\/04\/05\/nespresso-ama-mexico\/","title":{"rendered":"Nespresso Ama M\u00e9xico"},"content":{"rendered":"<h4><strong>La marca experta en caf\u00e9 encapsulado lanza Nespresso ama M\u00e9xico, una campa\u00f1a que rinde homenaje al trabajo y a la dedicaci\u00f3n de los productores veracruzanos.<\/strong><\/h4>\n<p><strong>Los amantes del caf\u00e9 estar\u00e1n de acuerdo en que uno de los rituales m\u00e1s exquisitos que hemos adoptado en M\u00e9xico es beber, por lo menos, una taza diaria de caf\u00e9.<\/strong> Esta centenaria tradici\u00f3n que desembarc\u00f3 en el puerto de Veracruz, ha logrado que quinientos a\u00f1os despu\u00e9s, 1.592 caficultores de las regiones de Ixhuatl\u00e1n y Tepatlaxco produzcan los granos que da vida a cinco variedades de caf\u00e9 Nespresso:<\/p>\n<ul>\n<li><strong>Master Origin M\u00e9xico:<\/strong> el embajador de M\u00e9xico en el mundo, refleja exquisitas notas provenientes de nuestros cafetos.<\/li>\n<li><strong>Cape Town Envivo Lungo:<\/strong> las robustas de M\u00e9xico hacen de este lungo el m\u00e1s intenso; perfecto para recetas tradicionales.<\/li>\n<li><strong>Ispirazione Roma:<\/strong> la tradici\u00f3n italiana y su elegancia, son el parteaguas de este caf\u00e9 delicado y muy profundo.<\/li>\n<li><strong>Intenso:<\/strong> se trata de una mezcla de caf\u00e9s de Nicaragua y M\u00e9xico que, gracias a su tueste oscuro, ofrece deliciosas notas de caramelo.<\/li>\n<li><strong>Tokyo Vivalto Lungo:<\/strong> los granos de ar\u00e1bica mexicanos aportan a esta taza balance, cuerpo e irresistibles notas florales y tostadas.<\/li>\n<\/ul>\n<p><img fetchpriority=\"high\" decoding=\"async\" class=\"size-medium wp-image-40895 aligncenter\" src=\"https:\/\/revistaelconocedor.com\/wp-content\/uploads\/2022\/04\/Nespresso-ama-Mexico-2-272x600.jpg\" alt=\"\" width=\"272\" height=\"600\" srcset=\"https:\/\/revistaelconocedor.net\/wp-content\/uploads\/2022\/04\/Nespresso-ama-Mexico-2-272x600.jpg 272w, https:\/\/revistaelconocedor.net\/wp-content\/uploads\/2022\/04\/Nespresso-ama-Mexico-2-150x331.jpg 150w, https:\/\/revistaelconocedor.net\/wp-content\/uploads\/2022\/04\/Nespresso-ama-Mexico-2.jpg 453w\" sizes=\"(max-width: 272px) 100vw, 272px\" \/><\/p>\n<h4 style=\"text-align: center;\"><strong>Detr\u00e1s de una taza de caf\u00e9 mexicano<\/strong><\/h4>\n<p><strong>Para Nespresso, contar la historia detr\u00e1s del caf\u00e9 mexicano es un acto de pasi\u00f3n y compromiso con un ciclo que demora un a\u00f1o entero para ver frutos.<\/strong> Es por ello que ha reunido las voces de nueve talentosos mexicanos quienes, desde industrias y contextos muy distintos, transmiten el amor por esta bebida que nos impulsa a no detenernos y despertar a la vida.<\/p>\n<p>La periodista Paola Rojas, el dise\u00f1ador de modas Armando Takeda, los hermanos y productores de cine Mariana y Santiago Arriaga, junto con la encantadora chef Josefina Santacruz, el dise\u00f1ador industrial y creativo Rodrigo Noriega, la periodista y escritora gastron\u00f3mica Issa Plancarte, adem\u00e1s de Regina Fern\u00e1ndez (Coffee Ambassador de Nespresso M\u00e9xico) y Alejandro Mata (productor de caf\u00e9 del Programa Nespresso AAA en Veracruz), son<strong> los protagonistas de este video que encontrar\u00e1s en distintas plataformas y que puedes escanear en este c\u00f3digo QR.<\/strong><\/p>\n<p style=\"text-align: center;\">________________________________________________<\/p>\n<blockquote>\n<p><strong>\u201cEste a\u00f1o representamos el amor que ponemos en cada etapa que tiene el caf\u00e9,<\/strong> por lo que el pack exclusivo nos va revelando poco a poco cada paso de la cena de valor, desde las fincas y las tazas de caf\u00e9 compartidas en m\u00e1s de 80 pa\u00edses, las cuales nos recuerdan que el caf\u00e9 est\u00e1 en el centro de todo lo que hacemos y es el coraz\u00f3n de todas las decisiones que tomamos\u201d. Regina Fern\u00e1ndez, Coffee Ambassador de Nespresso M\u00e9xico.<\/p>\n<\/blockquote>\n<p style=\"text-align: center;\">________________________________________________<\/p>\n<p><img decoding=\"async\" class=\"size-medium wp-image-40894 aligncenter\" src=\"https:\/\/revistaelconocedor.com\/wp-content\/uploads\/2022\/04\/Nespresso-ama-Mexico-1-600x361.jpg\" alt=\"\" width=\"600\" height=\"361\" srcset=\"https:\/\/revistaelconocedor.net\/wp-content\/uploads\/2022\/04\/Nespresso-ama-Mexico-1-600x361.jpg 600w, https:\/\/revistaelconocedor.net\/wp-content\/uploads\/2022\/04\/Nespresso-ama-Mexico-1-768x462.jpg 768w, https:\/\/revistaelconocedor.net\/wp-content\/uploads\/2022\/04\/Nespresso-ama-Mexico-1-150x90.jpg 150w, https:\/\/revistaelconocedor.net\/wp-content\/uploads\/2022\/04\/Nespresso-ama-Mexico-1.jpg 1000w\" sizes=\"(max-width: 600px) 100vw, 600px\" \/><\/p>\n<h4 style=\"text-align: center;\"><strong>\u00a1A celebrar!<\/strong><\/h4>\n<p><strong>Si amas a M\u00e9xico y a su caf\u00e9 tanto como Nespresso,<\/strong> puedes unirte a esta campa\u00f1a a trav\u00e9s de un pack exclusivo que estar\u00e1 disponible por tiempo limitado en las boutiques Nespresso y en nespresso.com.<\/p>\n<p>Esta colecci\u00f3n est\u00e1 disponible tanto para Origin como para Vertuo, para celebrar en cada taza la riqueza de la tierra mexicana y sus cafetos.<\/p>\n<h4 style=\"text-align: center;\"><strong>Responsabilidad desde el origen\u00a0<\/strong><\/h4>\n<p><strong>Nespresso trabaja con m\u00e1s de 120 mil caficultores en 15 pa\u00edses, y lo hace a trav\u00e9s de su Programa AAA Sustainable Quality,<\/strong> con el cual incorpora pr\u00e1cticas sustentables en las fincas de caf\u00e9. Este programa fue lanzado en 2003 en colaboraci\u00f3n con la ONG Rainforest Alliance, con el objetivo de propiciar un mejor rendimiento y calidad en las cosechas, de modo que garanticen el suministro sostenible de caf\u00e9 de la m\u00e1s alta calidad, as\u00ed como una mejora en la forma de vida de las comunidades productoras.<\/p>\n<p><strong>Sigue todas las novedades en:\u00a0nespresso.com Ig: @nespresso.mx <\/strong><\/p>\n","protected":false},"excerpt":{"rendered":"<p>La marca experta en caf\u00e9 encapsulado lanza Nespresso ama M\u00e9xico, una campa\u00f1a que rinde homenaje al trabajo y a la dedicaci\u00f3n de los productores veracruzanos. Los amantes del caf\u00e9 estar\u00e1n de acuerdo en que uno de los rituales m\u00e1s exquisitos que hemos adoptado en M\u00e9xico es beber, por lo menos, una taza diaria de caf\u00e9. [&hellip;]<\/p>\n","protected":false},"author":1,"featured_media":53688,"comment_status":"open","ping_status":"closed","sticky":false,"template":"","format":"standard","meta":{"footnotes":""},"categories":[96],"tags":[791,3737,3738,3739,3740,2075,3741,3742],"class_list":["post-40892","post","type-post","status-publish","format-standard","has-post-thumbnail","hentry","category-bebidas","tag-cafe","tag-cape-town-envivo-lungo","tag-intenso","tag-ispirazione-roma","tag-master-origin-mexico","tag-nespresso","tag-nespresso-ama-mexico","tag-tokyo-vivalto-lungo"],"aioseo_notices":[],"_links":{"self":[{"href":"https:\/\/revistaelconocedor.net\/index.php\/wp-json\/wp\/v2\/posts\/40892","targetHints":{"allow":["GET"]}}],"collection":[{"href":"https:\/\/revistaelconocedor.net\/index.php\/wp-json\/wp\/v2\/posts"}],"about":[{"href":"https:\/\/revistaelconocedor.net\/index.php\/wp-json\/wp\/v2\/types\/post"}],"author":[{"embeddable":true,"href":"https:\/\/revistaelconocedor.net\/index.php\/wp-json\/wp\/v2\/users\/1"}],"replies":[{"embeddable":true,"href":"https:\/\/revistaelconocedor.net\/index.php\/wp-json\/wp\/v2\/comments?post=40892"}],"version-history":[{"count":0,"href":"https:\/\/revistaelconocedor.net\/index.php\/wp-json\/wp\/v2\/posts\/40892\/revisions"}],"wp:featuredmedia":[{"embeddable":true,"href":"https:\/\/revistaelconocedor.net\/index.php\/wp-json\/wp\/v2\/media\/53688"}],"wp:attachment":[{"href":"https:\/\/revistaelconocedor.net\/index.php\/wp-json\/wp\/v2\/media?parent=40892"}],"wp:term":[{"taxonomy":"category","embeddable":true,"href":"https:\/\/revistaelconocedor.net\/index.php\/wp-json\/wp\/v2\/categories?post=40892"},{"taxonomy":"post_tag","embeddable":true,"href":"https:\/\/revistaelconocedor.net\/index.php\/wp-json\/wp\/v2\/tags?post=40892"}],"curies":[{"name":"wp","href":"https:\/\/api.w.org\/{rel}","templated":true}]}}